{"id":8453,"date":"2024-12-13T09:23:32","date_gmt":"2024-12-13T08:23:32","guid":{"rendered":"https:\/\/www.coop-africa.org\/nl\/?p=8453"},"modified":"2024-12-18T10:09:09","modified_gmt":"2024-12-18T09:09:09","slug":"fietsketting-13-5-vragen-aan-frank-van-rijn","status":"publish","type":"post","link":"https:\/\/www.coop-africa.org\/nl\/2024\/12\/fietsketting-13-5-vragen-aan-frank-van-rijn\/","title":{"rendered":"FietsKetting #14: 5 vragen aan Frank van Rijn"},"content":{"rendered":"\n<p>De Fietsketting is een blogserie met als centraal thema de fiets en het werk van Cycling out of Poverty. Middels een \u201cdoorgeefpen\u201d schrijft iedere keer een andere persoon over de fiets en het werk van CooP-Africa vanuit zijn\/haar persoonlijke betrokkenheid. Deze keer in de FietsKetting: Frank van Rijn.<\/p>\n\n\n\n<h4 class=\"wp-block-heading\"><strong>WIE IS FRANK VAN RIJN<\/strong><\/h4>\n\n\n\n<div class=\"wp-block-media-text is-stacked-on-mobile\"><figure class=\"wp-block-media-text__media\"><img loading=\"lazy\" decoding=\"async\" width=\"682\" height=\"1024\" src=\"https:\/\/www.coop-africa.org\/nl\/wp-content\/uploads\/Frank-van-Rijn-1-682x1024.jpg\" alt=\"\" class=\"wp-image-8454 size-full\" srcset=\"https:\/\/www.coop-africa.org\/nl\/wp-content\/uploads\/Frank-van-Rijn-1-682x1024.jpg 682w, https:\/\/www.coop-africa.org\/nl\/wp-content\/uploads\/Frank-van-Rijn-1-200x300.jpg 200w, https:\/\/www.coop-africa.org\/nl\/wp-content\/uploads\/Frank-van-Rijn-1-768x1153.jpg 768w, https:\/\/www.coop-africa.org\/nl\/wp-content\/uploads\/Frank-van-Rijn-1-1023x1536.jpg 1023w, https:\/\/www.coop-africa.org\/nl\/wp-content\/uploads\/Frank-van-Rijn-1-1364x2048.jpg 1364w, https:\/\/www.coop-africa.org\/nl\/wp-content\/uploads\/Frank-van-Rijn-1-scaled.jpg 1705w\" sizes=\"auto, (max-width: 682px) 100vw, 682px\" \/><\/figure><div class=\"wp-block-media-text__content\">\n<p>Ik ben Frank van Rijn, 76 jaar oud (ik kan het nog steeds niet geloven, maar als ik van het jaar waarin we nu leven mijn geboortejaar 1948 aftrek, kom ik toch echt op 76 uit), geboren in Den Haag (wat ik eigenlijk ook maar nauwelijks kan geloven omdat ik absoluut geen stadsmens ben) en woonachtig in een dorpje in Drenthe, waar ik me thuis voel (wat ik beter kan geloven, maar toch ook niet voor 100% omdat ik een zonmens ben en Drenthe en overigens heel Nederland, niet echt zonovergoten genoemd kunnen worden).<br>Na mijn studie elektrotechniek zag ik mijn kans schoon om iets aan dat gebrek aan zonneschijn te doen en tevens iets van de wereld te zien: Ik begon mijn carri\u00e8re met een sabbatical year, een fietstocht door Noord Afrika, direct gevolgd door een reis, natuurlijk ook op de fiets, door Zuid- Midden- en Noord Amerika. Na die reis begon ik dan toch echt aan mijn carri\u00e8re\u2026. althans dat was de bedoeling.<br>Het vervolg is misschien wel te raden. Als je een jaar lang de vrijheid hebt geproefd, overvloedig de zon hebt genoten, fantastische landschappen hebt gezien, in contact bent geweest met boeiende culturen en veel bijzondere en vooral ook gastvrije mensen van allerlei aard hebt ontmoet, valt het bouwen van zo&#8217;n carri\u00e8re niet mee. Het liep natuurlijk uit de hand. Nu, 45 jaar later, is dat sabbatical year nog steeds aan de gang en het dreigt zelfs een sabbatical century te worden. Tijdens deze sabbatical period (om deze 45 jaar voorlopig maar even zo te noemen), ben ik gaan schrijven over mijn fietsreizen, wat 17 boeken heeft opgeleverd. Die boeken en vele artikelen en lezingen hebben mij financieel in staat gesteld mijn reizen te bekostigen, zij het dat ik aanvankelijk steeds uiterst primitief moest leven, omdat die boeken helaas geen bestsellers<br>waren. (Nog niet, maar wat niet is, kan komen!!!? Toch?)<\/p>\n<\/div><\/div>\n\n\n\n<h4 class=\"wp-block-heading\"><strong>5 VRAGEN AAN FRANK VAN RIJN<\/strong><\/h4>\n\n\n\n<p><strong>Wat betekent de fiets voor jou?<br><\/strong>De fiets heeft mij in staat gesteld 125 landen in alle continenten (uitgezonderd Antarctica) intensief te zien en vooral te beleven. De fiets is voor mij het ideale middel om de wereld te verkennen. Je reist langzaam genoeg om de natuur goed te zien en in je op te nemen. Je komt over wegen (paden, sporen) en in zeer afgelegen dorpjes en gebieden waar je met openbaar vervoer niet komt en waar je met een auto makkelijk in de verleiding kunt komen om even 50 km door te tuffen om een comfortabele overnachtingsplek te bereiken. Met de fiets daarentegen, zie je je vaak gedwongen om de nacht door te brengen in de rimboe of in een primitief dorpje, wat je op dat moment als onplezierig zou kunnen ervaren. Maar d\u00e1t zijn juist de plekken waar het bij het reizen om gaat. Die ervaringen verrijken nu juist je reis, je visie op de wereld en je leven. Op de fiets voel je de heerlijke zon op je huid branden, ruik je de natuur, hoor je geluiden om je heen, kom je gemakkelijk met de plaatselijke bevolking in contact en proef je de reis zoals je dat met geen enkel ander vervoermiddel proeft, de wandelschoenen onder sommige omstandigheden uitgezonderd.<\/p>\n\n\n\n<p>Maar als je alles loopt, kunnen sommige trajecten misschien wat saai zijn en bovendien neemt het doorkruisen van een heel continent, bijvoorbeeld Afrika, een flinke tijd in beslag, een tijd waarin je ook andere delen van de wereld kunt zien. Tijd is dus ook hier een beperkende factor, zelfs als je een halve sabbatical century neemt.<\/p>\n\n\n\n<p><strong>Wat is jouw mooiste ervaring op de fiets?<br><\/strong>Dat is natuurlijk een onmogelijk te beantwoorden vraag. Ik zou er niet \u00e9\u00e9n, maar zeventien boeken mee kunnen vullen en dat heb ik ook gedaan. Ja, mijn boeken staan er vol mee. Duizend en \u00e9\u00e9n fantastische ervaringen en slechts een paar nare ervaringen, zoals achtervolgd worden door een dozijn op moord beluste bandieten. Maar dat zijn achteraf natuurlijk wel de krenten in de pap voor de lezers en eigenlijk ook voor de schrijver als die er tenminste het leven vanaf brengt. En dat heb ik gelukkig gedaan, anders zou ik deze FietsKetting niet kunnen schrijven. Maar om \u00e9\u00e9n van die vele mooiste ervaringen uit te kiezen: Op mijn reis van Dar es Salaam naar Dakar, een fondsenwervingstocht voor de Nederlandse Leprastichting, kwam ik op een avond in Guinee aan in een klein dorpje. Aan een man vroeg ik of hier een vijfsterrenhotel met mooie grote luxe kamer was, met een balkon dat uitzicht gaf op zee. De man schudde zijn hoofd. Logisch want de zee was honderden kilometers daar vandaan. Dit was de gortdroge, hete, stoffige, dun bevolkte Sahel. Daarom vroeg ik waar ik het dorpshoofd kon vinden. \u201cWaarvoor wilt u hem spreken?\u201d vroeg hij. Ik antwoordde dat ik hem wilde vragen of ik ergens in of bij het dorp mijn tent mocht opzetten voor de nacht. \u201cHet dorpshoofd is en niet, maar kom mee naar mijn huis,\u201d zei hij. Hij voerde me naar zijn huisje, een ronde lemen hut met strodak. In de hoek, voor zover er in een ronde hut een hoek kan zitten, stond zijn simpele bed. In een andere &#8216;hoek&#8217; stond nog een bed. Dat deed die nacht dienst als logeerbed. Hij bereidde op een houtvuurtje een maaltijd van mais en cassave, iets waar ik in Nederland niet over zou peinzen om te eten, maar hier smaakte het geweldig. In Afrika kunnen de mensen veel leren van Europa, maar wij kunnen zeker net zo veel leren van Afrika, vooral waar het gastvrijheid betreft.<\/p>\n\n\n\n<p><strong>Wat zou er moeten veranderen met betrekking tot de fiets\/het fietsen?<br><\/strong>Voor mij hoeft er in Nederland, wat betreft het fietsen, niet zo veel te veranderen. Wel is het jammer dat er soms te v\u00e9\u00e9l verandert. Zo worden veel leuke schelpenpaadjes omgewerkt tot brede betonnen banen, waarschijnlijk speciaal voor elektrische fietsen. Dat is voor oude mensen en fietsers met een slechte conditie fijn en dus ook belangrijk, maar helaas nodigen die betonnen paden ook uit tot grote snelheid, wat minder aangenaam is. De sfeer die om die aardige schelpenpaadjes hing is door al dat beton gedeeltelijk de nek omgedraaid. Bovendien zijn de randen van de betonstroken vaak enkele centimeters hoog (of diep), waardoor je, als je van het pad af raakt en weer terugstuurt, een lelijke smak kunt maken. Vooral in de herfst, als er bladeren op het pad liggen, waardoor je die randen niet ziet, bestaat het gevaar op valpartijen.<\/p>\n\n\n\n<div class=\"wp-block-media-text has-media-on-the-right is-stacked-on-mobile\"><div class=\"wp-block-media-text__content\">\n<p>En dan nog iets: Waarom worden de ANWB paddenstoelen, een uniek systeem van bewegwijzering, dat je nergens anders ter wereld ziet, zo verwaarloosd? Veel zijn er kapot- of omvergereden, anderen met rode verf onleesbaar gemaakt of compleet verdwenen, mogelijk meegenomen door antiekverzamelaars. Die paddenstoelen zouden verheven moeten worden tot cultureel erfgoed en vooral weer in hun oude glorie moeten worden hersteld!<\/p>\n<\/div><figure class=\"wp-block-media-text__media\"><a href=\"https:\/\/www.blikopnieuws.nl\/nieuws\/271276\/100-jarig-bestaan-anwb-paddenstoel.html\" target=\"_blank\" rel=\" noreferrer noopener\"><img loading=\"lazy\" decoding=\"async\" width=\"850\" height=\"425\" src=\"https:\/\/www.coop-africa.org\/nl\/wp-content\/uploads\/anwb-paddenstoel_0.jpg\" alt=\"\" class=\"wp-image-8461 size-full\" srcset=\"https:\/\/www.coop-africa.org\/nl\/wp-content\/uploads\/anwb-paddenstoel_0.jpg 850w, https:\/\/www.coop-africa.org\/nl\/wp-content\/uploads\/anwb-paddenstoel_0-300x150.jpg 300w, https:\/\/www.coop-africa.org\/nl\/wp-content\/uploads\/anwb-paddenstoel_0-768x384.jpg 768w\" sizes=\"auto, (max-width: 850px) 100vw, 850px\" \/><\/a><\/figure><\/div>\n\n\n\n<p><strong>Met wie zou je wel eens een stukje samen willen fietsen? En waarom?<br><\/strong>Het lijkt mij enig om eens een dagje, of liever een hele week of desnoods een maand samen te fietsen met Trump. En dan bijvoorbeeld dwars door de Sahara of door donker Afrika, over de gravelwegen hoog in de Andes of door Death Valley. Hoe hoger, ruiger, heter en lastiger, hoe beter. We zouden dan tijdens de pauzes en &#8217;s avonds voor onze tentjes enorm gezellige en leerzame gesprekken kunnen voeren over allerlei sociale, economische, politieke en culturele onderwerpen. Dat zou ik geestverruimend vinden en Trump misschien ook wel. En de wereld zou er wellicht wel bij varen.<\/p>\n\n\n\n<p><strong>Wat vind jij het mooiste aan het werk van Stichting Cycling out of Poverty (CooP-Africa)?<br><\/strong><\/p>\n\n\n\n<div class=\"wp-block-media-text has-media-on-the-right is-stacked-on-mobile\" style=\"grid-template-columns:auto 30%\"><div class=\"wp-block-media-text__content\">\n<p>Het mooiste aan het werk van Cycling out of Poverty vind ik natuurlijk de inzet van deze organisatie om, zoals de naam het al zegt, de armoede uit de wereld weg te werken en dan nog wel op of met de fiets! Ik vond het, toen ik er voor het eerst van hoorde, zo&#8217;n mooi initiatief dat ik contact opnam met CooP. Omdat ik toen al een aantal maal de aarde was rondgefietst en enige bekendheid op dat gebied genoot, werd ik meteen tot ambassadeur van CooP benoemd. Dat ben ik slechts een paar jaar geweest. Het echte &#8216;fieldwork&#8217; lag me beter en in dat kader heb ik een jaar of wat geleden een &#8216;dienstreis&#8217; gemaakt door Kenia en Uganda om projecten van CooP te bezoeken, uiteraard ook op de fiets. Over die reis heb ik het boek &#8216;Even naar de evenaar&#8217; geschreven. Ik vond het fijn om op mijn bescheiden manier een heel klein beetje te hebben kunnen bijdragen aan het wegwerken van de armoede in Afrika.<\/p>\n<\/div><figure class=\"wp-block-media-text__media\"><img loading=\"lazy\" decoding=\"async\" width=\"530\" height=\"840\" src=\"https:\/\/www.coop-africa.org\/nl\/wp-content\/uploads\/Even-naar-de-Evenaar.jpg\" alt=\"\" class=\"wp-image-4882 size-full\" srcset=\"https:\/\/www.coop-africa.org\/nl\/wp-content\/uploads\/Even-naar-de-Evenaar.jpg 530w, https:\/\/www.coop-africa.org\/nl\/wp-content\/uploads\/Even-naar-de-Evenaar-189x300.jpg 189w\" sizes=\"auto, (max-width: 530px) 100vw, 530px\" \/><\/figure><\/div>\n\n\n\n<h4 class=\"wp-block-heading\"><strong><strong>CYCLING OUT OF POVERTY (COOP-AFRICA) &#8211; EEN FIETS MAAKT HET VERSCHIL<\/strong><\/strong><\/h4>\n\n\n\n<p>Cycling out of Poverty (CooP-Africa) ondersteunt scholieren, gezondheidsvrijwilligers, boeren en kleine ondernemers in Kenia en Oeganda met fietsen om toegang tot onderwijs, gezondheidszorg, werk en inkomen te verbeteren.<br><a href=\"https:\/\/www.coop-africa.org\/nl\/\">https:\/\/www.coop-africa.org\/nl\/<\/a><\/p>\n\n\n\n<figure class=\"wp-block-image size-large\"><a href=\"https:\/\/www.coop-africa.org\/nl\/wp-content\/uploads\/Frank-van-Rijn-met-Father-Picavet-scaled.jpg\"><img loading=\"lazy\" decoding=\"async\" width=\"1024\" height=\"682\" src=\"https:\/\/www.coop-africa.org\/nl\/wp-content\/uploads\/Frank-van-Rijn-met-Father-Picavet-1024x682.jpg\" alt=\"\" class=\"wp-image-8462\" srcset=\"https:\/\/www.coop-africa.org\/nl\/wp-content\/uploads\/Frank-van-Rijn-met-Father-Picavet-1024x682.jpg 1024w, https:\/\/www.coop-africa.org\/nl\/wp-content\/uploads\/Frank-van-Rijn-met-Father-Picavet-300x200.jpg 300w, https:\/\/www.coop-africa.org\/nl\/wp-content\/uploads\/Frank-van-Rijn-met-Father-Picavet-768x511.jpg 768w, https:\/\/www.coop-africa.org\/nl\/wp-content\/uploads\/Frank-van-Rijn-met-Father-Picavet-1536x1023.jpg 1536w, https:\/\/www.coop-africa.org\/nl\/wp-content\/uploads\/Frank-van-Rijn-met-Father-Picavet-2048x1364.jpg 2048w\" sizes=\"auto, (max-width: 1024px) 100vw, 1024px\" \/><\/a><\/figure>\n\n\n\n<h4 class=\"wp-block-heading\"><strong>EERDER IN DE FIETSKETTING<\/strong><\/h4>\n\n\n\n<div class=\"wp-block-columns is-layout-flex wp-container-core-columns-is-layout-9d6595d7 wp-block-columns-is-layout-flex\">\n<div class=\"wp-block-column is-layout-flow wp-block-column-is-layout-flow\">\n<ul class=\"wp-block-list\">\n<li><a href=\"https:\/\/www.coop-africa.org\/nl\/2023\/09\/fietsketting-5-vragen-aan-belle-de-gast\/\">Belle de Gast<\/a><\/li>\n\n\n\n<li><a href=\"https:\/\/www.coop-africa.org\/nl\/2023\/10\/fietsketting-5-vragen-aan-maud-de-vries\/\">Maud de Vries<\/a><\/li>\n\n\n\n<li><a href=\"https:\/\/www.coop-africa.org\/nl\/2023\/11\/fietsketting-5-vragen-aan-angela-van-der-kloof\/\">Angela van der Kloof<\/a><\/li>\n\n\n\n<li><a href=\"https:\/\/www.coop-africa.org\/nl\/2023\/12\/fietsketting-5-vragen-aan-shelley-bontje\/\">Shelley Bontje<\/a><\/li>\n\n\n\n<li><a href=\"https:\/\/www.coop-africa.org\/nl\/2024\/01\/fietsketting-5-vragen-aan-syb-tjepkema\/\">Syb Tjepkema<\/a><\/li>\n\n\n\n<li><a href=\"https:\/\/www.coop-africa.org\/nl\/2024\/02\/fietsketting-6-5-vragen-aan-wilco-kruitbosch\/\">Wilco Kruitbosch<\/a><\/li>\n\n\n\n<li><a href=\"https:\/\/www.coop-africa.org\/nl\/2024\/03\/fietsketting-7-5-vragen-aan-marijn-de-vries\/\">Marijn de Vries<\/a><\/li>\n<\/ul>\n<\/div>\n\n\n\n<div class=\"wp-block-column is-layout-flow wp-block-column-is-layout-flow\">\n<ul class=\"wp-block-list\">\n<li><a href=\"https:\/\/www.coop-africa.org\/nl\/2024\/04\/fietsketting-8-5-vragen-aan-pui-yuen-cheng\/\">Pui-Yuen Cheng<\/a><\/li>\n\n\n\n<li><a href=\"https:\/\/www.coop-africa.org\/nl\/2024\/05\/fietsketting-9-5-vragen-aan-tessa-leferink\/\">Tessa Leferink<\/a><\/li>\n\n\n\n<li><a href=\"https:\/\/www.coop-africa.org\/nl\/2024\/06\/fietketting-10-5-vragen-aan-marcel-kleizen\/\">Marcel Kleizen<\/a><\/li>\n\n\n\n<li><a href=\"https:\/\/www.coop-africa.org\/nl\/2024\/08\/fietsketting-11-5-vragen-aan-samuela-de-ruiter\/\">Samuela de Ruiter<\/a><\/li>\n\n\n\n<li><a href=\"https:\/\/www.coop-africa.org\/nl\/2024\/09\/fietsketting-11-5-vragen-aan-willem-de-graaf\/\">Willem de Graaf<\/a><\/li>\n\n\n\n<li><a href=\"https:\/\/www.coop-africa.org\/nl\/2024\/11\/fietsketting-12-5-vragen-aan-gerard-toetenel\/\">Gerard Toetenel<\/a><\/li>\n<\/ul>\n<\/div>\n<\/div>\n","protected":false},"excerpt":{"rendered":"<p>De Fietsketting is een blogserie met als centraal thema de fiets en het werk van Cycling out of Poverty. Middels een \u201cdoorgeefpen\u201d schrijft iedere keer een andere persoon over de fiets en het werk van CooP-Africa vanuit zijn\/haar persoonlijke betrokkenheid. Deze keer in de FietsKetting: Frank van Rijn. WIE IS FRANK VAN RIJN Ik ben&#8230;<a class=\"moretag\" href=\"https:\/\/www.coop-africa.org\/nl\/2024\/12\/fietsketting-13-5-vragen-aan-frank-van-rijn\/\">lees verder<\/a><\/p>\n","protected":false},"author":1,"featured_media":0,"comment_status":"closed","ping_status":"open","sticky":false,"template":"","format":"standard","meta":{"_acf_changed":false,"_monsterinsights_skip_tracking":false,"_monsterinsights_sitenote_active":false,"_monsterinsights_sitenote_note":"","_monsterinsights_sitenote_category":0,"footnotes":""},"categories":[131],"tags":[],"class_list":["post-8453","post","type-post","status-publish","format-standard","hentry","category-blog"],"acf":[],"yoast_head":"<!-- This site is optimized with the Yoast SEO plugin v27.5 - https:\/\/yoast.com\/product\/yoast-seo-wordpress\/ -->\n<title>FietsKetting #14: 5 vragen aan Frank van Rijn &#187; CooP-Africa<\/title>\n<meta name=\"description\" content=\"Blogserie waarin iedere keer een andere persoon over de fiets en het werk van CooP-Africa schrijft. Deze keer in de FietsKetting: Frank van Rijn!\" \/>\n<meta name=\"robots\" content=\"index, follow, max-snippet:-1, max-image-preview:large, max-video-preview:-1\" \/>\n<link rel=\"canonical\" href=\"https:\/\/www.coop-africa.org\/nl\/2024\/12\/fietsketting-13-5-vragen-aan-frank-van-rijn\/\" \/>\n<meta property=\"og:locale\" content=\"nl_NL\" \/>\n<meta property=\"og:type\" content=\"article\" \/>\n<meta property=\"og:title\" content=\"FietsKetting #14: 5 vragen aan Frank van Rijn &#187; CooP-Africa\" \/>\n<meta property=\"og:description\" content=\"Blogserie waarin iedere keer een andere persoon over de fiets en het werk van CooP-Africa schrijft. Deze keer in de FietsKetting: Frank van Rijn!\" \/>\n<meta property=\"og:url\" content=\"https:\/\/www.coop-africa.org\/nl\/2024\/12\/fietsketting-13-5-vragen-aan-frank-van-rijn\/\" \/>\n<meta property=\"og:site_name\" content=\"CooP-Africa\" \/>\n<meta property=\"article:publisher\" content=\"http:\/\/www.facebook.com\/coopafrica\" \/>\n<meta property=\"article:published_time\" content=\"2024-12-13T08:23:32+00:00\" \/>\n<meta property=\"article:modified_time\" content=\"2024-12-18T09:09:09+00:00\" \/>\n<meta property=\"og:image\" content=\"https:\/\/www.coop-africa.org\/nl\/wp-content\/uploads\/Frank-van-Rijn-1-scaled.jpg\" \/>\n\t<meta property=\"og:image:width\" content=\"1705\" \/>\n\t<meta property=\"og:image:height\" content=\"2560\" \/>\n\t<meta property=\"og:image:type\" content=\"image\/jpeg\" \/>\n<meta name=\"author\" content=\"luuk\" \/>\n<meta name=\"twitter:label1\" content=\"Geschreven door\" \/>\n\t<meta name=\"twitter:data1\" content=\"luuk\" \/>\n\t<meta name=\"twitter:label2\" content=\"Geschatte leestijd\" \/>\n\t<meta name=\"twitter:data2\" content=\"9 minuten\" \/>\n<script type=\"application\/ld+json\" class=\"yoast-schema-graph\">{\"@context\":\"https:\\\/\\\/schema.org\",\"@graph\":[{\"@type\":\"Article\",\"@id\":\"https:\\\/\\\/www.coop-africa.org\\\/nl\\\/2024\\\/12\\\/fietsketting-13-5-vragen-aan-frank-van-rijn\\\/#article\",\"isPartOf\":{\"@id\":\"https:\\\/\\\/www.coop-africa.org\\\/nl\\\/2024\\\/12\\\/fietsketting-13-5-vragen-aan-frank-van-rijn\\\/\"},\"author\":{\"name\":\"luuk\",\"@id\":\"https:\\\/\\\/www.coop-africa.org\\\/nl\\\/#\\\/schema\\\/person\\\/c894a97ccd5a0dc2bb798311604f1272\"},\"headline\":\"FietsKetting #14: 5 vragen aan Frank van Rijn\",\"datePublished\":\"2024-12-13T08:23:32+00:00\",\"dateModified\":\"2024-12-18T09:09:09+00:00\",\"mainEntityOfPage\":{\"@id\":\"https:\\\/\\\/www.coop-africa.org\\\/nl\\\/2024\\\/12\\\/fietsketting-13-5-vragen-aan-frank-van-rijn\\\/\"},\"wordCount\":1567,\"publisher\":{\"@id\":\"https:\\\/\\\/www.coop-africa.org\\\/nl\\\/#organization\"},\"image\":{\"@id\":\"https:\\\/\\\/www.coop-africa.org\\\/nl\\\/2024\\\/12\\\/fietsketting-13-5-vragen-aan-frank-van-rijn\\\/#primaryimage\"},\"thumbnailUrl\":\"https:\\\/\\\/www.coop-africa.org\\\/nl\\\/wp-content\\\/uploads\\\/Frank-van-Rijn-1-682x1024.jpg\",\"articleSection\":[\"Blog\"],\"inLanguage\":\"nl-NL\"},{\"@type\":\"WebPage\",\"@id\":\"https:\\\/\\\/www.coop-africa.org\\\/nl\\\/2024\\\/12\\\/fietsketting-13-5-vragen-aan-frank-van-rijn\\\/\",\"url\":\"https:\\\/\\\/www.coop-africa.org\\\/nl\\\/2024\\\/12\\\/fietsketting-13-5-vragen-aan-frank-van-rijn\\\/\",\"name\":\"FietsKetting #14: 5 vragen aan Frank van Rijn &#187; CooP-Africa\",\"isPartOf\":{\"@id\":\"https:\\\/\\\/www.coop-africa.org\\\/nl\\\/#website\"},\"primaryImageOfPage\":{\"@id\":\"https:\\\/\\\/www.coop-africa.org\\\/nl\\\/2024\\\/12\\\/fietsketting-13-5-vragen-aan-frank-van-rijn\\\/#primaryimage\"},\"image\":{\"@id\":\"https:\\\/\\\/www.coop-africa.org\\\/nl\\\/2024\\\/12\\\/fietsketting-13-5-vragen-aan-frank-van-rijn\\\/#primaryimage\"},\"thumbnailUrl\":\"https:\\\/\\\/www.coop-africa.org\\\/nl\\\/wp-content\\\/uploads\\\/Frank-van-Rijn-1-682x1024.jpg\",\"datePublished\":\"2024-12-13T08:23:32+00:00\",\"dateModified\":\"2024-12-18T09:09:09+00:00\",\"description\":\"Blogserie waarin iedere keer een andere persoon over de fiets en het werk van CooP-Africa schrijft. Deze keer in de FietsKetting: Frank van Rijn!\",\"breadcrumb\":{\"@id\":\"https:\\\/\\\/www.coop-africa.org\\\/nl\\\/2024\\\/12\\\/fietsketting-13-5-vragen-aan-frank-van-rijn\\\/#breadcrumb\"},\"inLanguage\":\"nl-NL\",\"potentialAction\":[{\"@type\":\"ReadAction\",\"target\":[\"https:\\\/\\\/www.coop-africa.org\\\/nl\\\/2024\\\/12\\\/fietsketting-13-5-vragen-aan-frank-van-rijn\\\/\"]}]},{\"@type\":\"ImageObject\",\"inLanguage\":\"nl-NL\",\"@id\":\"https:\\\/\\\/www.coop-africa.org\\\/nl\\\/2024\\\/12\\\/fietsketting-13-5-vragen-aan-frank-van-rijn\\\/#primaryimage\",\"url\":\"https:\\\/\\\/www.coop-africa.org\\\/nl\\\/wp-content\\\/uploads\\\/Frank-van-Rijn-1-scaled.jpg\",\"contentUrl\":\"https:\\\/\\\/www.coop-africa.org\\\/nl\\\/wp-content\\\/uploads\\\/Frank-van-Rijn-1-scaled.jpg\",\"width\":1705,\"height\":2560},{\"@type\":\"BreadcrumbList\",\"@id\":\"https:\\\/\\\/www.coop-africa.org\\\/nl\\\/2024\\\/12\\\/fietsketting-13-5-vragen-aan-frank-van-rijn\\\/#breadcrumb\",\"itemListElement\":[{\"@type\":\"ListItem\",\"position\":1,\"name\":\"Home\",\"item\":\"https:\\\/\\\/www.coop-africa.org\\\/nl\\\/\"},{\"@type\":\"ListItem\",\"position\":2,\"name\":\"FietsKetting #14: 5 vragen aan Frank van Rijn\"}]},{\"@type\":\"WebSite\",\"@id\":\"https:\\\/\\\/www.coop-africa.org\\\/nl\\\/#website\",\"url\":\"https:\\\/\\\/www.coop-africa.org\\\/nl\\\/\",\"name\":\"CooP-Africa\",\"description\":\"Een fiets maakt het verschil\",\"publisher\":{\"@id\":\"https:\\\/\\\/www.coop-africa.org\\\/nl\\\/#organization\"},\"potentialAction\":[{\"@type\":\"SearchAction\",\"target\":{\"@type\":\"EntryPoint\",\"urlTemplate\":\"https:\\\/\\\/www.coop-africa.org\\\/nl\\\/?s={search_term_string}\"},\"query-input\":{\"@type\":\"PropertyValueSpecification\",\"valueRequired\":true,\"valueName\":\"search_term_string\"}}],\"inLanguage\":\"nl-NL\"},{\"@type\":\"Organization\",\"@id\":\"https:\\\/\\\/www.coop-africa.org\\\/nl\\\/#organization\",\"name\":\"CooP Africa\",\"url\":\"https:\\\/\\\/www.coop-africa.org\\\/nl\\\/\",\"logo\":{\"@type\":\"ImageObject\",\"inLanguage\":\"nl-NL\",\"@id\":\"https:\\\/\\\/www.coop-africa.org\\\/nl\\\/#\\\/schema\\\/logo\\\/image\\\/\",\"url\":\"https:\\\/\\\/www.coop-africa.org\\\/nl\\\/wp-content\\\/uploads\\\/211CooP-logo_cmyk_whitetext_NL.png\",\"contentUrl\":\"https:\\\/\\\/www.coop-africa.org\\\/nl\\\/wp-content\\\/uploads\\\/211CooP-logo_cmyk_whitetext_NL.png\",\"width\":211,\"height\":115,\"caption\":\"CooP Africa\"},\"image\":{\"@id\":\"https:\\\/\\\/www.coop-africa.org\\\/nl\\\/#\\\/schema\\\/logo\\\/image\\\/\"},\"sameAs\":[\"http:\\\/\\\/www.facebook.com\\\/coopafrica\",\"https:\\\/\\\/x.com\\\/coopafrica\",\"http:\\\/\\\/www.instagram.com\\\/coopafrica\",\"http:\\\/\\\/www.youtube.com\\\/cyclingoutofpoverty\"]},{\"@type\":\"Person\",\"@id\":\"https:\\\/\\\/www.coop-africa.org\\\/nl\\\/#\\\/schema\\\/person\\\/c894a97ccd5a0dc2bb798311604f1272\",\"name\":\"luuk\",\"image\":{\"@type\":\"ImageObject\",\"inLanguage\":\"nl-NL\",\"@id\":\"https:\\\/\\\/secure.gravatar.com\\\/avatar\\\/036d59ce96924058847ece08bfa383d17ac52bc56deaa21efb18b057533b55db?s=96&d=mm&r=g\",\"url\":\"https:\\\/\\\/secure.gravatar.com\\\/avatar\\\/036d59ce96924058847ece08bfa383d17ac52bc56deaa21efb18b057533b55db?s=96&d=mm&r=g\",\"contentUrl\":\"https:\\\/\\\/secure.gravatar.com\\\/avatar\\\/036d59ce96924058847ece08bfa383d17ac52bc56deaa21efb18b057533b55db?s=96&d=mm&r=g\",\"caption\":\"luuk\"},\"url\":\"https:\\\/\\\/www.coop-africa.org\\\/nl\\\/author\\\/luuk\\\/\"}]}<\/script>\n<!-- \/ Yoast SEO plugin. -->","yoast_head_json":{"title":"FietsKetting #14: 5 vragen aan Frank van Rijn &#187; CooP-Africa","description":"Blogserie waarin iedere keer een andere persoon over de fiets en het werk van CooP-Africa schrijft. Deze keer in de FietsKetting: Frank van Rijn!","robots":{"index":"index","follow":"follow","max-snippet":"max-snippet:-1","max-image-preview":"max-image-preview:large","max-video-preview":"max-video-preview:-1"},"canonical":"https:\/\/www.coop-africa.org\/nl\/2024\/12\/fietsketting-13-5-vragen-aan-frank-van-rijn\/","og_locale":"nl_NL","og_type":"article","og_title":"FietsKetting #14: 5 vragen aan Frank van Rijn &#187; CooP-Africa","og_description":"Blogserie waarin iedere keer een andere persoon over de fiets en het werk van CooP-Africa schrijft. Deze keer in de FietsKetting: Frank van Rijn!","og_url":"https:\/\/www.coop-africa.org\/nl\/2024\/12\/fietsketting-13-5-vragen-aan-frank-van-rijn\/","og_site_name":"CooP-Africa","article_publisher":"http:\/\/www.facebook.com\/coopafrica","article_published_time":"2024-12-13T08:23:32+00:00","article_modified_time":"2024-12-18T09:09:09+00:00","og_image":[{"width":1705,"height":2560,"url":"https:\/\/www.coop-africa.org\/nl\/wp-content\/uploads\/Frank-van-Rijn-1-scaled.jpg","type":"image\/jpeg"}],"author":"luuk","twitter_misc":{"Geschreven door":"luuk","Geschatte leestijd":"9 minuten"},"schema":{"@context":"https:\/\/schema.org","@graph":[{"@type":"Article","@id":"https:\/\/www.coop-africa.org\/nl\/2024\/12\/fietsketting-13-5-vragen-aan-frank-van-rijn\/#article","isPartOf":{"@id":"https:\/\/www.coop-africa.org\/nl\/2024\/12\/fietsketting-13-5-vragen-aan-frank-van-rijn\/"},"author":{"name":"luuk","@id":"https:\/\/www.coop-africa.org\/nl\/#\/schema\/person\/c894a97ccd5a0dc2bb798311604f1272"},"headline":"FietsKetting #14: 5 vragen aan Frank van Rijn","datePublished":"2024-12-13T08:23:32+00:00","dateModified":"2024-12-18T09:09:09+00:00","mainEntityOfPage":{"@id":"https:\/\/www.coop-africa.org\/nl\/2024\/12\/fietsketting-13-5-vragen-aan-frank-van-rijn\/"},"wordCount":1567,"publisher":{"@id":"https:\/\/www.coop-africa.org\/nl\/#organization"},"image":{"@id":"https:\/\/www.coop-africa.org\/nl\/2024\/12\/fietsketting-13-5-vragen-aan-frank-van-rijn\/#primaryimage"},"thumbnailUrl":"https:\/\/www.coop-africa.org\/nl\/wp-content\/uploads\/Frank-van-Rijn-1-682x1024.jpg","articleSection":["Blog"],"inLanguage":"nl-NL"},{"@type":"WebPage","@id":"https:\/\/www.coop-africa.org\/nl\/2024\/12\/fietsketting-13-5-vragen-aan-frank-van-rijn\/","url":"https:\/\/www.coop-africa.org\/nl\/2024\/12\/fietsketting-13-5-vragen-aan-frank-van-rijn\/","name":"FietsKetting #14: 5 vragen aan Frank van Rijn &#187; CooP-Africa","isPartOf":{"@id":"https:\/\/www.coop-africa.org\/nl\/#website"},"primaryImageOfPage":{"@id":"https:\/\/www.coop-africa.org\/nl\/2024\/12\/fietsketting-13-5-vragen-aan-frank-van-rijn\/#primaryimage"},"image":{"@id":"https:\/\/www.coop-africa.org\/nl\/2024\/12\/fietsketting-13-5-vragen-aan-frank-van-rijn\/#primaryimage"},"thumbnailUrl":"https:\/\/www.coop-africa.org\/nl\/wp-content\/uploads\/Frank-van-Rijn-1-682x1024.jpg","datePublished":"2024-12-13T08:23:32+00:00","dateModified":"2024-12-18T09:09:09+00:00","description":"Blogserie waarin iedere keer een andere persoon over de fiets en het werk van CooP-Africa schrijft. Deze keer in de FietsKetting: Frank van Rijn!","breadcrumb":{"@id":"https:\/\/www.coop-africa.org\/nl\/2024\/12\/fietsketting-13-5-vragen-aan-frank-van-rijn\/#breadcrumb"},"inLanguage":"nl-NL","potentialAction":[{"@type":"ReadAction","target":["https:\/\/www.coop-africa.org\/nl\/2024\/12\/fietsketting-13-5-vragen-aan-frank-van-rijn\/"]}]},{"@type":"ImageObject","inLanguage":"nl-NL","@id":"https:\/\/www.coop-africa.org\/nl\/2024\/12\/fietsketting-13-5-vragen-aan-frank-van-rijn\/#primaryimage","url":"https:\/\/www.coop-africa.org\/nl\/wp-content\/uploads\/Frank-van-Rijn-1-scaled.jpg","contentUrl":"https:\/\/www.coop-africa.org\/nl\/wp-content\/uploads\/Frank-van-Rijn-1-scaled.jpg","width":1705,"height":2560},{"@type":"BreadcrumbList","@id":"https:\/\/www.coop-africa.org\/nl\/2024\/12\/fietsketting-13-5-vragen-aan-frank-van-rijn\/#breadcrumb","itemListElement":[{"@type":"ListItem","position":1,"name":"Home","item":"https:\/\/www.coop-africa.org\/nl\/"},{"@type":"ListItem","position":2,"name":"FietsKetting #14: 5 vragen aan Frank van Rijn"}]},{"@type":"WebSite","@id":"https:\/\/www.coop-africa.org\/nl\/#website","url":"https:\/\/www.coop-africa.org\/nl\/","name":"CooP-Africa","description":"Een fiets maakt het verschil","publisher":{"@id":"https:\/\/www.coop-africa.org\/nl\/#organization"},"potentialAction":[{"@type":"SearchAction","target":{"@type":"EntryPoint","urlTemplate":"https:\/\/www.coop-africa.org\/nl\/?s={search_term_string}"},"query-input":{"@type":"PropertyValueSpecification","valueRequired":true,"valueName":"search_term_string"}}],"inLanguage":"nl-NL"},{"@type":"Organization","@id":"https:\/\/www.coop-africa.org\/nl\/#organization","name":"CooP Africa","url":"https:\/\/www.coop-africa.org\/nl\/","logo":{"@type":"ImageObject","inLanguage":"nl-NL","@id":"https:\/\/www.coop-africa.org\/nl\/#\/schema\/logo\/image\/","url":"https:\/\/www.coop-africa.org\/nl\/wp-content\/uploads\/211CooP-logo_cmyk_whitetext_NL.png","contentUrl":"https:\/\/www.coop-africa.org\/nl\/wp-content\/uploads\/211CooP-logo_cmyk_whitetext_NL.png","width":211,"height":115,"caption":"CooP Africa"},"image":{"@id":"https:\/\/www.coop-africa.org\/nl\/#\/schema\/logo\/image\/"},"sameAs":["http:\/\/www.facebook.com\/coopafrica","https:\/\/x.com\/coopafrica","http:\/\/www.instagram.com\/coopafrica","http:\/\/www.youtube.com\/cyclingoutofpoverty"]},{"@type":"Person","@id":"https:\/\/www.coop-africa.org\/nl\/#\/schema\/person\/c894a97ccd5a0dc2bb798311604f1272","name":"luuk","image":{"@type":"ImageObject","inLanguage":"nl-NL","@id":"https:\/\/secure.gravatar.com\/avatar\/036d59ce96924058847ece08bfa383d17ac52bc56deaa21efb18b057533b55db?s=96&d=mm&r=g","url":"https:\/\/secure.gravatar.com\/avatar\/036d59ce96924058847ece08bfa383d17ac52bc56deaa21efb18b057533b55db?s=96&d=mm&r=g","contentUrl":"https:\/\/secure.gravatar.com\/avatar\/036d59ce96924058847ece08bfa383d17ac52bc56deaa21efb18b057533b55db?s=96&d=mm&r=g","caption":"luuk"},"url":"https:\/\/www.coop-africa.org\/nl\/author\/luuk\/"}]}},"_links":{"self":[{"href":"https:\/\/www.coop-africa.org\/nl\/wp-json\/wp\/v2\/posts\/8453","targetHints":{"allow":["GET"]}}],"collection":[{"href":"https:\/\/www.coop-africa.org\/nl\/wp-json\/wp\/v2\/posts"}],"about":[{"href":"https:\/\/www.coop-africa.org\/nl\/wp-json\/wp\/v2\/types\/post"}],"author":[{"embeddable":true,"href":"https:\/\/www.coop-africa.org\/nl\/wp-json\/wp\/v2\/users\/1"}],"replies":[{"embeddable":true,"href":"https:\/\/www.coop-africa.org\/nl\/wp-json\/wp\/v2\/comments?post=8453"}],"version-history":[{"count":9,"href":"https:\/\/www.coop-africa.org\/nl\/wp-json\/wp\/v2\/posts\/8453\/revisions"}],"predecessor-version":[{"id":8469,"href":"https:\/\/www.coop-africa.org\/nl\/wp-json\/wp\/v2\/posts\/8453\/revisions\/8469"}],"wp:attachment":[{"href":"https:\/\/www.coop-africa.org\/nl\/wp-json\/wp\/v2\/media?parent=8453"}],"wp:term":[{"taxonomy":"category","embeddable":true,"href":"https:\/\/www.coop-africa.org\/nl\/wp-json\/wp\/v2\/categories?post=8453"},{"taxonomy":"post_tag","embeddable":true,"href":"https:\/\/www.coop-africa.org\/nl\/wp-json\/wp\/v2\/tags?post=8453"}],"curies":[{"name":"wp","href":"https:\/\/api.w.org\/{rel}","templated":true}]}}